{"id":719,"date":"2017-10-07T07:53:55","date_gmt":"2017-10-07T04:53:55","guid":{"rendered":"http:\/\/www.hhyildirim.com\/?p=719"},"modified":"2018-05-28T16:33:49","modified_gmt":"2018-05-28T13:33:49","slug":"baslarken-tuseb-turkiye-saglik-politikalari-enstitusu","status":"publish","type":"post","link":"https:\/\/www.hhyildirim.com\/en\/baslarken-tuseb-turkiye-saglik-politikalari-enstitusu\/","title":{"rendered":"Ba\u015flarken: T\u00dcSEB T\u00fcrkiye Sa\u011fl\u0131k Politikalar\u0131 Enstit\u00fcs\u00fc"},"content":{"rendered":"<div class=\"fusion-fullwidth fullwidth-box fusion-builder-row-1 nonhundred-percent-fullwidth non-hundred-percent-height-scrolling\" style=\"--awb-border-radius-top-left:0px;--awb-border-radius-top-right:0px;--awb-border-radius-bottom-right:0px;--awb-border-radius-bottom-left:0px;--awb-flex-wrap:wrap;\" ><div class=\"fusion-builder-row fusion-row\"><div class=\"fusion-layout-column fusion_builder_column fusion-builder-column-0 fusion_builder_column_1_1 1_1 fusion-one-full fusion-column-first fusion-column-last\" style=\"--awb-bg-size:cover;\"><div class=\"fusion-column-wrapper fusion-flex-column-wrapper-legacy\"><div class=\"fusion-text fusion-text-1\"><p>Devletler; refah d\u00fczeyi y\u00fcksek, huzurlu ve birlik i\u00e7inde ya\u015fayan bireylerden olu\u015fan toplumlar olu\u015fturmay\u0131 ama\u00e7lar. Refah d\u00fczeyi y\u00fcksek toplumlar, di\u011ferlerine ek olarak, milli gelirin y\u00fcksekli\u011fi ve bu gelirin adaletli da\u011f\u0131l\u0131m\u0131n\u0131n sa\u011flanm\u0131\u015f olmas\u0131 yan\u0131nda, sosyal g\u00fcvencesi olan, e\u011fitimli ve sa\u011fl\u0131kl\u0131 bireyler ile m\u00fcmk\u00fcnd\u00fcr.<\/p>\n<p><a href=\"http:\/\/www.hhyildirim.com\/wp-content\/uploads\/2017\/10\/baskanin_yeri_baslarken_v3.pdf\" target=\"_blank\" rel=\"noopener\">Ayr\u0131nt\u0131lar i\u00e7in t\u0131klay\u0131n\u0131z.<\/a><\/p>\n<\/div><div class=\"fusion-clearfix\"><\/div><\/div><\/div><\/div><\/div>\n","protected":false},"excerpt":{"rendered":"","protected":false},"author":1,"featured_media":774,"comment_status":"closed","ping_status":"open","sticky":false,"template":"","format":"standard","meta":{"footnotes":""},"categories":[19],"tags":[],"class_list":["post-719","post","type-post","status-publish","format-standard","has-post-thumbnail","hentry","category-genel-tr"],"yoast_head":"<!-- This site is optimized with the Yoast SEO plugin v24.4 - https:\/\/yoast.com\/wordpress\/plugins\/seo\/ -->\n<title>Ba\u015flarken: T\u00dcSEB T\u00fcrkiye Sa\u011fl\u0131k Politikalar\u0131 Enstit\u00fcs\u00fc - HHY | Hasan H\u00fcseyin Y\u0131ld\u0131r\u0131m | Sa\u011fl\u0131k Politikalar\u0131 | \u0130slam ve Sa\u011fl\u0131k Ara\u015ft\u0131rmalar\u0131 | T\u0131bb-\u0131 Nebevi<\/title>\n<meta name=\"robots\" content=\"index, follow, max-snippet:-1, max-image-preview:large, max-video-preview:-1\" \/>\n<link rel=\"canonical\" href=\"https:\/\/www.hhyildirim.com\/en\/baslarken-tuseb-turkiye-saglik-politikalari-enstitusu\/\" \/>\n<meta property=\"og:locale\" content=\"en_US\" \/>\n<meta property=\"og:type\" content=\"article\" \/>\n<meta property=\"og:title\" content=\"Ba\u015flarken: T\u00dcSEB T\u00fcrkiye Sa\u011fl\u0131k Politikalar\u0131 Enstit\u00fcs\u00fc - HHY | Hasan H\u00fcseyin Y\u0131ld\u0131r\u0131m | Sa\u011fl\u0131k Politikalar\u0131 | \u0130slam ve Sa\u011fl\u0131k Ara\u015ft\u0131rmalar\u0131 | T\u0131bb-\u0131 Nebevi\" \/>\n<meta property=\"og:url\" content=\"https:\/\/www.hhyildirim.com\/en\/baslarken-tuseb-turkiye-saglik-politikalari-enstitusu\/\" \/>\n<meta property=\"og:site_name\" content=\"HHY | Hasan H\u00fcseyin Y\u0131ld\u0131r\u0131m | Sa\u011fl\u0131k Politikalar\u0131 | \u0130slam ve Sa\u011fl\u0131k Ara\u015ft\u0131rmalar\u0131 | T\u0131bb-\u0131 Nebevi\" \/>\n<meta property=\"article:published_time\" content=\"2017-10-07T04:53:55+00:00\" \/>\n<meta property=\"article:modified_time\" content=\"2018-05-28T13:33:49+00:00\" \/>\n<meta property=\"og:image\" content=\"https:\/\/www.hhyildirim.com\/wp-content\/uploads\/2017\/10\/10.jpg\" \/>\n\t<meta property=\"og:image:width\" content=\"800\" \/>\n\t<meta property=\"og:image:height\" content=\"350\" \/>\n\t<meta property=\"og:image:type\" content=\"image\/jpeg\" \/>\n<meta name=\"author\" content=\"Hasan H\u00fcseyin Y\u0131ld\u0131r\u0131m\" \/>\n<meta name=\"twitter:card\" content=\"summary_large_image\" \/>\n<meta name=\"twitter:label1\" content=\"Written by\" \/>\n\t<meta name=\"twitter:data1\" content=\"Hasan H\u00fcseyin Y\u0131ld\u0131r\u0131m\" \/>\n\t<meta name=\"twitter:label2\" content=\"Est. reading time\" \/>\n\t<meta name=\"twitter:data2\" content=\"1 minute\" \/>\n<script type=\"application\/ld+json\" class=\"yoast-schema-graph\">{\"@context\":\"https:\/\/schema.org\",\"@graph\":[{\"@type\":\"WebPage\",\"@id\":\"https:\/\/www.hhyildirim.com\/en\/baslarken-tuseb-turkiye-saglik-politikalari-enstitusu\/\",\"url\":\"https:\/\/www.hhyildirim.com\/en\/baslarken-tuseb-turkiye-saglik-politikalari-enstitusu\/\",\"name\":\"Ba\u015flarken: T\u00dcSEB T\u00fcrkiye Sa\u011fl\u0131k Politikalar\u0131 Enstit\u00fcs\u00fc - HHY | Hasan H\u00fcseyin Y\u0131ld\u0131r\u0131m | Sa\u011fl\u0131k Politikalar\u0131 | \u0130slam ve Sa\u011fl\u0131k Ara\u015ft\u0131rmalar\u0131 | T\u0131bb-\u0131 Nebevi\",\"isPartOf\":{\"@id\":\"https:\/\/www.hhyildirim.com\/#website\"},\"primaryImageOfPage\":{\"@id\":\"https:\/\/www.hhyildirim.com\/en\/baslarken-tuseb-turkiye-saglik-politikalari-enstitusu\/#primaryimage\"},\"image\":{\"@id\":\"https:\/\/www.hhyildirim.com\/en\/baslarken-tuseb-turkiye-saglik-politikalari-enstitusu\/#primaryimage\"},\"thumbnailUrl\":\"https:\/\/www.hhyildirim.com\/wp-content\/uploads\/2017\/10\/10.jpg\",\"datePublished\":\"2017-10-07T04:53:55+00:00\",\"dateModified\":\"2018-05-28T13:33:49+00:00\",\"author\":{\"@id\":\"https:\/\/www.hhyildirim.com\/#\/schema\/person\/c77b42915940653500aba76a675581de\"},\"breadcrumb\":{\"@id\":\"https:\/\/www.hhyildirim.com\/en\/baslarken-tuseb-turkiye-saglik-politikalari-enstitusu\/#breadcrumb\"},\"inLanguage\":\"en-US\",\"potentialAction\":[{\"@type\":\"ReadAction\",\"target\":[\"https:\/\/www.hhyildirim.com\/en\/baslarken-tuseb-turkiye-saglik-politikalari-enstitusu\/\"]}]},{\"@type\":\"ImageObject\",\"inLanguage\":\"en-US\",\"@id\":\"https:\/\/www.hhyildirim.com\/en\/baslarken-tuseb-turkiye-saglik-politikalari-enstitusu\/#primaryimage\",\"url\":\"https:\/\/www.hhyildirim.com\/wp-content\/uploads\/2017\/10\/10.jpg\",\"contentUrl\":\"https:\/\/www.hhyildirim.com\/wp-content\/uploads\/2017\/10\/10.jpg\",\"width\":800,\"height\":350},{\"@type\":\"BreadcrumbList\",\"@id\":\"https:\/\/www.hhyildirim.com\/en\/baslarken-tuseb-turkiye-saglik-politikalari-enstitusu\/#breadcrumb\",\"itemListElement\":[{\"@type\":\"ListItem\",\"position\":1,\"name\":\"Ana sayfa\",\"item\":\"https:\/\/www.hhyildirim.com\/\"},{\"@type\":\"ListItem\",\"position\":2,\"name\":\"Ba\u015flarken: T\u00dcSEB T\u00fcrkiye Sa\u011fl\u0131k Politikalar\u0131 Enstit\u00fcs\u00fc\"}]},{\"@type\":\"WebSite\",\"@id\":\"https:\/\/www.hhyildirim.com\/#website\",\"url\":\"https:\/\/www.hhyildirim.com\/\",\"name\":\"HHY | Hasan H\u00fcseyin Y\u0131ld\u0131r\u0131m | Sa\u011fl\u0131k Politikalar\u0131 | \u0130slam ve Sa\u011fl\u0131k Ara\u015ft\u0131rmalar\u0131 | T\u0131bb-\u0131 Nebevi\",\"description\":\"&quot;Sizlere de\u011fer katar&quot;\",\"potentialAction\":[{\"@type\":\"SearchAction\",\"target\":{\"@type\":\"EntryPoint\",\"urlTemplate\":\"https:\/\/www.hhyildirim.com\/?s={search_term_string}\"},\"query-input\":{\"@type\":\"PropertyValueSpecification\",\"valueRequired\":true,\"valueName\":\"search_term_string\"}}],\"inLanguage\":\"en-US\"},{\"@type\":\"Person\",\"@id\":\"https:\/\/www.hhyildirim.com\/#\/schema\/person\/c77b42915940653500aba76a675581de\",\"name\":\"Hasan H\u00fcseyin Y\u0131ld\u0131r\u0131m\",\"image\":{\"@type\":\"ImageObject\",\"inLanguage\":\"en-US\",\"@id\":\"https:\/\/www.hhyildirim.com\/#\/schema\/person\/image\/\",\"url\":\"https:\/\/secure.gravatar.com\/avatar\/2dbaffc6a867f4f23f01c15fba9bb1fa?s=96&d=mm&r=g\",\"contentUrl\":\"https:\/\/secure.gravatar.com\/avatar\/2dbaffc6a867f4f23f01c15fba9bb1fa?s=96&d=mm&r=g\",\"caption\":\"Hasan H\u00fcseyin Y\u0131ld\u0131r\u0131m\"},\"sameAs\":[\"http:\/\/www.hhyildirim.com\"]}]}<\/script>\n<!-- \/ Yoast SEO plugin. -->","yoast_head_json":{"title":"Ba\u015flarken: T\u00dcSEB T\u00fcrkiye Sa\u011fl\u0131k Politikalar\u0131 Enstit\u00fcs\u00fc - HHY | Hasan H\u00fcseyin Y\u0131ld\u0131r\u0131m | Sa\u011fl\u0131k Politikalar\u0131 | \u0130slam ve Sa\u011fl\u0131k Ara\u015ft\u0131rmalar\u0131 | T\u0131bb-\u0131 Nebevi","robots":{"index":"index","follow":"follow","max-snippet":"max-snippet:-1","max-image-preview":"max-image-preview:large","max-video-preview":"max-video-preview:-1"},"canonical":"https:\/\/www.hhyildirim.com\/en\/baslarken-tuseb-turkiye-saglik-politikalari-enstitusu\/","og_locale":"en_US","og_type":"article","og_title":"Ba\u015flarken: T\u00dcSEB T\u00fcrkiye Sa\u011fl\u0131k Politikalar\u0131 Enstit\u00fcs\u00fc - HHY | Hasan H\u00fcseyin Y\u0131ld\u0131r\u0131m | Sa\u011fl\u0131k Politikalar\u0131 | \u0130slam ve Sa\u011fl\u0131k Ara\u015ft\u0131rmalar\u0131 | T\u0131bb-\u0131 Nebevi","og_url":"https:\/\/www.hhyildirim.com\/en\/baslarken-tuseb-turkiye-saglik-politikalari-enstitusu\/","og_site_name":"HHY | Hasan H\u00fcseyin Y\u0131ld\u0131r\u0131m | Sa\u011fl\u0131k Politikalar\u0131 | \u0130slam ve Sa\u011fl\u0131k Ara\u015ft\u0131rmalar\u0131 | T\u0131bb-\u0131 Nebevi","article_published_time":"2017-10-07T04:53:55+00:00","article_modified_time":"2018-05-28T13:33:49+00:00","og_image":[{"width":800,"height":350,"url":"https:\/\/www.hhyildirim.com\/wp-content\/uploads\/2017\/10\/10.jpg","type":"image\/jpeg"}],"author":"Hasan H\u00fcseyin Y\u0131ld\u0131r\u0131m","twitter_card":"summary_large_image","twitter_misc":{"Written by":"Hasan H\u00fcseyin Y\u0131ld\u0131r\u0131m","Est. reading time":"1 minute"},"schema":{"@context":"https:\/\/schema.org","@graph":[{"@type":"WebPage","@id":"https:\/\/www.hhyildirim.com\/en\/baslarken-tuseb-turkiye-saglik-politikalari-enstitusu\/","url":"https:\/\/www.hhyildirim.com\/en\/baslarken-tuseb-turkiye-saglik-politikalari-enstitusu\/","name":"Ba\u015flarken: T\u00dcSEB T\u00fcrkiye Sa\u011fl\u0131k Politikalar\u0131 Enstit\u00fcs\u00fc - HHY | Hasan H\u00fcseyin Y\u0131ld\u0131r\u0131m | Sa\u011fl\u0131k Politikalar\u0131 | \u0130slam ve Sa\u011fl\u0131k Ara\u015ft\u0131rmalar\u0131 | T\u0131bb-\u0131 Nebevi","isPartOf":{"@id":"https:\/\/www.hhyildirim.com\/#website"},"primaryImageOfPage":{"@id":"https:\/\/www.hhyildirim.com\/en\/baslarken-tuseb-turkiye-saglik-politikalari-enstitusu\/#primaryimage"},"image":{"@id":"https:\/\/www.hhyildirim.com\/en\/baslarken-tuseb-turkiye-saglik-politikalari-enstitusu\/#primaryimage"},"thumbnailUrl":"https:\/\/www.hhyildirim.com\/wp-content\/uploads\/2017\/10\/10.jpg","datePublished":"2017-10-07T04:53:55+00:00","dateModified":"2018-05-28T13:33:49+00:00","author":{"@id":"https:\/\/www.hhyildirim.com\/#\/schema\/person\/c77b42915940653500aba76a675581de"},"breadcrumb":{"@id":"https:\/\/www.hhyildirim.com\/en\/baslarken-tuseb-turkiye-saglik-politikalari-enstitusu\/#breadcrumb"},"inLanguage":"en-US","potentialAction":[{"@type":"ReadAction","target":["https:\/\/www.hhyildirim.com\/en\/baslarken-tuseb-turkiye-saglik-politikalari-enstitusu\/"]}]},{"@type":"ImageObject","inLanguage":"en-US","@id":"https:\/\/www.hhyildirim.com\/en\/baslarken-tuseb-turkiye-saglik-politikalari-enstitusu\/#primaryimage","url":"https:\/\/www.hhyildirim.com\/wp-content\/uploads\/2017\/10\/10.jpg","contentUrl":"https:\/\/www.hhyildirim.com\/wp-content\/uploads\/2017\/10\/10.jpg","width":800,"height":350},{"@type":"BreadcrumbList","@id":"https:\/\/www.hhyildirim.com\/en\/baslarken-tuseb-turkiye-saglik-politikalari-enstitusu\/#breadcrumb","itemListElement":[{"@type":"ListItem","position":1,"name":"Ana sayfa","item":"https:\/\/www.hhyildirim.com\/"},{"@type":"ListItem","position":2,"name":"Ba\u015flarken: T\u00dcSEB T\u00fcrkiye Sa\u011fl\u0131k Politikalar\u0131 Enstit\u00fcs\u00fc"}]},{"@type":"WebSite","@id":"https:\/\/www.hhyildirim.com\/#website","url":"https:\/\/www.hhyildirim.com\/","name":"HHY | Hasan H\u00fcseyin Y\u0131ld\u0131r\u0131m | Sa\u011fl\u0131k Politikalar\u0131 | \u0130slam ve Sa\u011fl\u0131k Ara\u015ft\u0131rmalar\u0131 | T\u0131bb-\u0131 Nebevi","description":"&quot;Sizlere de\u011fer katar&quot;","potentialAction":[{"@type":"SearchAction","target":{"@type":"EntryPoint","urlTemplate":"https:\/\/www.hhyildirim.com\/?s={search_term_string}"},"query-input":{"@type":"PropertyValueSpecification","valueRequired":true,"valueName":"search_term_string"}}],"inLanguage":"en-US"},{"@type":"Person","@id":"https:\/\/www.hhyildirim.com\/#\/schema\/person\/c77b42915940653500aba76a675581de","name":"Hasan H\u00fcseyin Y\u0131ld\u0131r\u0131m","image":{"@type":"ImageObject","inLanguage":"en-US","@id":"https:\/\/www.hhyildirim.com\/#\/schema\/person\/image\/","url":"https:\/\/secure.gravatar.com\/avatar\/2dbaffc6a867f4f23f01c15fba9bb1fa?s=96&d=mm&r=g","contentUrl":"https:\/\/secure.gravatar.com\/avatar\/2dbaffc6a867f4f23f01c15fba9bb1fa?s=96&d=mm&r=g","caption":"Hasan H\u00fcseyin Y\u0131ld\u0131r\u0131m"},"sameAs":["http:\/\/www.hhyildirim.com"]}]}},"_links":{"self":[{"href":"https:\/\/www.hhyildirim.com\/en\/wp-json\/wp\/v2\/posts\/719","targetHints":{"allow":["GET"]}}],"collection":[{"href":"https:\/\/www.hhyildirim.com\/en\/wp-json\/wp\/v2\/posts"}],"about":[{"href":"https:\/\/www.hhyildirim.com\/en\/wp-json\/wp\/v2\/types\/post"}],"author":[{"embeddable":true,"href":"https:\/\/www.hhyildirim.com\/en\/wp-json\/wp\/v2\/users\/1"}],"replies":[{"embeddable":true,"href":"https:\/\/www.hhyildirim.com\/en\/wp-json\/wp\/v2\/comments?post=719"}],"version-history":[{"count":4,"href":"https:\/\/www.hhyildirim.com\/en\/wp-json\/wp\/v2\/posts\/719\/revisions"}],"predecessor-version":[{"id":860,"href":"https:\/\/www.hhyildirim.com\/en\/wp-json\/wp\/v2\/posts\/719\/revisions\/860"}],"wp:featuredmedia":[{"embeddable":true,"href":"https:\/\/www.hhyildirim.com\/en\/wp-json\/wp\/v2\/media\/774"}],"wp:attachment":[{"href":"https:\/\/www.hhyildirim.com\/en\/wp-json\/wp\/v2\/media?parent=719"}],"wp:term":[{"taxonomy":"category","embeddable":true,"href":"https:\/\/www.hhyildirim.com\/en\/wp-json\/wp\/v2\/categories?post=719"},{"taxonomy":"post_tag","embeddable":true,"href":"https:\/\/www.hhyildirim.com\/en\/wp-json\/wp\/v2\/tags?post=719"}],"curies":[{"name":"wp","href":"https:\/\/api.w.org\/{rel}","templated":true}]}}